{"id":741,"count":3,"description":"","link":"https:\/\/www.terapiaurbana.com\/pt-pt\/pais\/luxemburgo\/","name":"Luxemburgo","slug":"luxemburgo","taxonomy":"pais","parent":0,"meta":[],"yoast_head":"<!-- This site is optimized with the Yoast SEO plugin v26.3 - https:\/\/yoast.com\/wordpress\/plugins\/seo\/ -->\n<title>Jardines verticales en Luxemburgo | Terapia Urbana<\/title>\n<meta name=\"description\" content=\"Explora los proyectos de jardines verticales en Luxemburgo de Terapia Urbana. Innovaci\u00f3n, sostenibilidad y naturaleza para transformar espacios urbanos.\" \/>\n<meta name=\"robots\" content=\"index, follow, max-snippet:-1, max-image-preview:large, max-video-preview:-1\" \/>\n<link rel=\"canonical\" href=\"https:\/\/www.terapiaurbana.com\/pt-pt\/pais\/luxemburgo\/\" \/>\n<meta property=\"og:locale\" content=\"pt_PT\" \/>\n<meta property=\"og:type\" content=\"article\" \/>\n<meta property=\"og:title\" content=\"Jardines verticales en Luxemburgo | Terapia Urbana\" \/>\n<meta property=\"og:description\" content=\"Explora los proyectos de jardines verticales en Luxemburgo de Terapia Urbana. Innovaci\u00f3n, sostenibilidad y naturaleza para transformar espacios urbanos.\" \/>\n<meta property=\"og:url\" content=\"https:\/\/www.terapiaurbana.com\/pt-pt\/pais\/luxemburgo\/\" \/>\n<meta property=\"og:image\" content=\"https:\/\/www.terapiaurbana.com\/wp-content\/uploads\/2025\/02\/jardin-vertical.jpg\" \/>\n\t<meta property=\"og:image:width\" content=\"1200\" \/>\n\t<meta property=\"og:image:height\" content=\"675\" \/>\n\t<meta property=\"og:image:type\" content=\"image\/jpeg\" \/>\n<meta name=\"twitter:card\" content=\"summary_large_image\" \/>\n<meta name=\"twitter:site\" content=\"@terapia_urbana\" \/>\n<script type=\"application\/ld+json\" class=\"yoast-schema-graph\">{\"@context\":\"https:\/\/schema.org\",\"@graph\":[{\"@type\":\"CollectionPage\",\"@id\":\"https:\/\/www.terapiaurbana.com\/pt-pt\/pais\/luxemburgo\/\",\"url\":\"https:\/\/www.terapiaurbana.com\/pt-pt\/pais\/luxemburgo\/\",\"name\":\"Jardines verticales en Luxemburgo | Terapia Urbana\",\"isPartOf\":{\"@id\":\"https:\/\/www.terapiaurbana.com\/pt-pt\/#website\"},\"description\":\"Explora los proyectos de jardines verticales en Luxemburgo de Terapia Urbana. Innovaci\u00f3n, sostenibilidad y naturaleza para transformar espacios urbanos.\",\"breadcrumb\":{\"@id\":\"https:\/\/www.terapiaurbana.com\/pt-pt\/pais\/luxemburgo\/#breadcrumb\"},\"inLanguage\":\"pt-PT\"},{\"@type\":\"BreadcrumbList\",\"@id\":\"https:\/\/www.terapiaurbana.com\/pt-pt\/pais\/luxemburgo\/#breadcrumb\",\"itemListElement\":[{\"@type\":\"ListItem\",\"position\":1,\"name\":\"Portada\",\"item\":\"https:\/\/www.terapiaurbana.com\/pt-pt\/\"},{\"@type\":\"ListItem\",\"position\":2,\"name\":\"Luxemburgo\"}]},{\"@type\":\"WebSite\",\"@id\":\"https:\/\/www.terapiaurbana.com\/pt-pt\/#website\",\"url\":\"https:\/\/www.terapiaurbana.com\/pt-pt\/\",\"name\":\"Terapia Urbana | Especialistas en jardines verticales\",\"description\":\"Especialistas en dise\u00f1o de jardines verticales exteriores e interiores naturales con tecnolog\u00eda Fytotextile y iluminaci\u00f3n auxiliar para una sostenible y funcional\",\"alternateName\":\"Terapia Urbana\",\"potentialAction\":[{\"@type\":\"SearchAction\",\"target\":{\"@type\":\"EntryPoint\",\"urlTemplate\":\"https:\/\/www.terapiaurbana.com\/pt-pt\/?s={search_term_string}\"},\"query-input\":{\"@type\":\"PropertyValueSpecification\",\"valueRequired\":true,\"valueName\":\"search_term_string\"}}],\"inLanguage\":\"pt-PT\"}]}<\/script>\n<!-- \/ Yoast SEO plugin. -->","yoast_head_json":{"title":"Jardines verticales en Luxemburgo | Terapia Urbana","description":"Explora los proyectos de jardines verticales en Luxemburgo de Terapia Urbana. Innovaci\u00f3n, sostenibilidad y naturaleza para transformar espacios urbanos.","robots":{"index":"index","follow":"follow","max-snippet":"max-snippet:-1","max-image-preview":"max-image-preview:large","max-video-preview":"max-video-preview:-1"},"canonical":"https:\/\/www.terapiaurbana.com\/pt-pt\/pais\/luxemburgo\/","og_locale":"pt_PT","og_type":"article","og_title":"Jardines verticales en Luxemburgo | Terapia Urbana","og_description":"Explora los proyectos de jardines verticales en Luxemburgo de Terapia Urbana. Innovaci\u00f3n, sostenibilidad y naturaleza para transformar espacios urbanos.","og_url":"https:\/\/www.terapiaurbana.com\/pt-pt\/pais\/luxemburgo\/","og_image":[{"width":1200,"height":675,"url":"https:\/\/www.terapiaurbana.com\/wp-content\/uploads\/2025\/02\/jardin-vertical.jpg","type":"image\/jpeg"}],"twitter_card":"summary_large_image","twitter_site":"@terapia_urbana","schema":{"@context":"https:\/\/schema.org","@graph":[{"@type":"CollectionPage","@id":"https:\/\/www.terapiaurbana.com\/pt-pt\/pais\/luxemburgo\/","url":"https:\/\/www.terapiaurbana.com\/pt-pt\/pais\/luxemburgo\/","name":"Jardines verticales en Luxemburgo | Terapia Urbana","isPartOf":{"@id":"https:\/\/www.terapiaurbana.com\/pt-pt\/#website"},"description":"Explora los proyectos de jardines verticales en Luxemburgo de Terapia Urbana. Innovaci\u00f3n, sostenibilidad y naturaleza para transformar espacios urbanos.","breadcrumb":{"@id":"https:\/\/www.terapiaurbana.com\/pt-pt\/pais\/luxemburgo\/#breadcrumb"},"inLanguage":"pt-PT"},{"@type":"BreadcrumbList","@id":"https:\/\/www.terapiaurbana.com\/pt-pt\/pais\/luxemburgo\/#breadcrumb","itemListElement":[{"@type":"ListItem","position":1,"name":"Portada","item":"https:\/\/www.terapiaurbana.com\/pt-pt\/"},{"@type":"ListItem","position":2,"name":"Luxemburgo"}]},{"@type":"WebSite","@id":"https:\/\/www.terapiaurbana.com\/pt-pt\/#website","url":"https:\/\/www.terapiaurbana.com\/pt-pt\/","name":"Terapia Urbana | Especialistas en jardines verticales","description":"Especialistas en dise\u00f1o de jardines verticales exteriores e interiores naturales con tecnolog\u00eda Fytotextile y iluminaci\u00f3n auxiliar para una sostenible y funcional","alternateName":"Terapia Urbana","potentialAction":[{"@type":"SearchAction","target":{"@type":"EntryPoint","urlTemplate":"https:\/\/www.terapiaurbana.com\/pt-pt\/?s={search_term_string}"},"query-input":{"@type":"PropertyValueSpecification","valueRequired":true,"valueName":"search_term_string"}}],"inLanguage":"pt-PT"}]}},"_links":{"self":[{"href":"https:\/\/www.terapiaurbana.com\/pt-pt\/wp-json\/wp\/v2\/pais\/741","targetHints":{"allow":["GET"]}}],"collection":[{"href":"https:\/\/www.terapiaurbana.com\/pt-pt\/wp-json\/wp\/v2\/pais"}],"about":[{"href":"https:\/\/www.terapiaurbana.com\/pt-pt\/wp-json\/wp\/v2\/taxonomies\/pais"}],"wp:post_type":[{"href":"https:\/\/www.terapiaurbana.com\/pt-pt\/wp-json\/wp\/v2\/proyectos?pais=741"}],"curies":[{"name":"wp","href":"https:\/\/api.w.org\/{rel}","templated":true}]}}